{"id":24069,"date":"2023-06-23T15:32:00","date_gmt":"2023-06-23T15:32:00","guid":{"rendered":"https:\/\/futural-project.eu\/?p=24069"},"modified":"2024-03-19T13:38:36","modified_gmt":"2024-03-19T13:38:36","slug":"futurals-kick-off-meeting-charting-a-path-towards-empowering-rural-europe","status":"publish","type":"post","link":"http:\/\/futural-project.eu\/de\/futurals-kick-off-meeting-charting-a-path-towards-empowering-rural-europe\/","title":{"rendered":"FUTURAL Kick-Off Meeting:\nEinen Weg zur St\u00e4rkung des l\u00e4ndlichen Raums in Europa aufzeigen"},"content":{"rendered":"<p>Das von der Europ\u00e4ischen Union kofinanzierte Projekt FUTURAL begann seine Reise mit einem Auftakttreffen am 15. und 16. Juni in Athen, Griechenland, bei dem 21 Partner aus einer Vielzahl von Sektoren aus 10 L\u00e4ndern in ganz Europa zusammenkamen. Das Treffen, das von der Landwirtschaftlichen Universit\u00e4t Athen (AUA) ausgerichtet wurde, legte den Grundstein f\u00fcr unsere ehrgeizige Agenda, die darauf abzielt, l\u00e4ndliche Gemeinden in ganz Europa zu ver\u00e4ndern und zu bef\u00e4higen.<\/p>\n\n\n\n<figure class=\"wp-block-image size-large\"><img fetchpriority=\"high\" decoding=\"async\" width=\"1024\" height=\"576\" src=\"https:\/\/futural-project.eu\/wp-content\/uploads\/2023\/08\/1686840340786-1024x576.jpeg\" alt=\"\" class=\"wp-image-24070\" srcset=\"https:\/\/futural-project.eu\/wp-content\/uploads\/2023\/08\/1686840340786-1024x576.jpeg 1024w, https:\/\/futural-project.eu\/wp-content\/uploads\/2023\/08\/1686840340786-300x169.jpeg 300w, https:\/\/futural-project.eu\/wp-content\/uploads\/2023\/08\/1686840340786-768x432.jpeg 768w, https:\/\/futural-project.eu\/wp-content\/uploads\/2023\/08\/1686840340786-1536x864.jpeg 1536w, https:\/\/futural-project.eu\/wp-content\/uploads\/2023\/08\/1686840340786-370x208.jpeg 370w, https:\/\/futural-project.eu\/wp-content\/uploads\/2023\/08\/1686840340786-1290x725.jpeg 1290w, https:\/\/futural-project.eu\/wp-content\/uploads\/2023\/08\/1686840340786-840x473.jpeg 840w, https:\/\/futural-project.eu\/wp-content\/uploads\/2023\/08\/1686840340786-410x231.jpeg 410w, https:\/\/futural-project.eu\/wp-content\/uploads\/2023\/08\/1686840340786-270x152.jpeg 270w, https:\/\/futural-project.eu\/wp-content\/uploads\/2023\/08\/1686840340786-rotated.jpeg 2000w\" sizes=\"(max-width: 1024px) 100vw, 1024px\" \/><\/figure>\n\n\n\n<p><strong>Enth\u00fcllung der ehrgeizigen Pl\u00e4ne von FUTURAL<\/strong><\/p>\n\n\n\n<p>Das von der AUA und Prof. Spyros Fountas als Projektkoordinator geleitete Treffen war weit mehr als ein erstes Zusammentreffen; es war eine bereichernde Plattform, die tief in die Komplexit\u00e4t und das ungenutzte Potenzial des l\u00e4ndlichen Europas eintauchte.<\/p>\n\n\n\n<p>Ari Lomis, Projektleiter von FUTURAL, f\u00fchrte uns durch die konzeptionellen Grundlagen des Projekts und erl\u00e4uterte die Kernziele und transformativen Methoden, die unser gemeinsames Handeln leiten werden.&nbsp;<\/p>\n\n\n\n<p>Im Anschluss daran gaben alle Leiter der Arbeitspakete einen \u00dcberblick \u00fcber die Projektaktivit\u00e4ten und betonten dabei, welche Sofortma\u00dfnahmen erforderlich sind, um einen reibungslosen und gut koordinierten Arbeitsablauf zu gew\u00e4hrleisten.&nbsp;<\/p>\n\n\n\n<p><strong>Jenseits der Digitalisierung: Der ganzheitliche Ansatz von FUTURAL<\/strong><\/p>\n\n\n\n<p>Nachdem wir die Arbeitspakete durchgesprochen hatten, tauchten wir in die so genannten FUTURAL Domains ein, also die Schl\u00fcsselbereiche, auf die sich das Projekt konzentrieren wird, um echte Ver\u00e4nderungen zu bewirken. Mit dem Ziel, sie in das Gef\u00fcge des l\u00e4ndlichen Lebens einzubinden, um widerstandsf\u00e4hige, nachhaltige Gemeinschaften zu schaffen, werden wir in sechs (6) Multi-Actor Pilots (MAPs) in der gesamten EU in f\u00fcnf kritischen Bereichen intelligente digitale Tools entwickeln:<\/p>\n\n\n\n<ol class=\"wp-block-list\">\n<li><strong>Zirkul\u00e4re Bio\u00f6konomie, Biodiversit\u00e4t und \u00d6kosystemmanagement:<\/strong> <mark style=\"background-color:rgba(0, 0, 0, 0)\" class=\"has-inline-color has-text-link-3-color\">In FUTURAL denken wir dar\u00fcber nach, wie wir die nat\u00fcrlichen Ressourcen in l\u00e4ndlichen Gebieten optimal nutzen k\u00f6nnen, ohne etwas zu verschwenden.<\/mark> Au\u00dferdem wollen wir l\u00e4ndlichen Gemeinden helfen, die biologische Vielfalt mit Hilfe digitaler Werkzeuge und verf\u00fcgbarer Datenquellen zu \u00fcberwachen. Dieser Ansatz erm\u00f6glicht es, Schwachstellen in diesen \u00d6kosystemen zu erkennen und Pr\u00e4ventivma\u00dfnahmen in l\u00e4ndlichen Gebieten zu ergreifen.<\/li>\n\n\n\n<li><strong>Klimaadaption und -mitigation<\/strong> \u00dcberschwemmungen und der Zugang zu qualitativ hochwertigem Wasser sind Probleme im Zusammenhang mit dem Klimawandel, die sich negativ auf die l\u00e4ndliche Entwicklung und die landwirtschaftlichen T\u00e4tigkeiten auswirken.<mark style=\"background-color:rgba(0, 0, 0, 0)\" class=\"has-inline-color has-text-link-color\"> Mit FUTURAL wollen wir Gemeinden dabei helfen, sich besser auf sich ver\u00e4ndernde Wettermuster vorzubereiten und ihre Umweltauswirkungen zu verringern.<\/mark><\/li>\n\n\n\n<li><strong>Resilienz gegen\u00fcber Schocks<\/strong> Der \"Gesundheitszustand\" von Br\u00fccken, Stra\u00dfennetzen und Geb\u00e4uden ist f\u00fcr l\u00e4ndliche Gebiete von zunehmender Bedeutung und kann durch verschiedene Faktoren beeintr\u00e4chtigt werden (z. B. durch extreme klimatische Bedingungen, die eine zus\u00e4tzliche Belastung f\u00fcr alternde Strukturen darstellen, die ihre Lebensdauer \u00fcberschritten haben). <mark style=\"background-color:rgba(0, 0, 0, 0)\" class=\"has-inline-color has-text-light-color\">Mit FUTURAL wollen wir Gemeinschaften helfen, sich nach unerwarteten R\u00fcckschl\u00e4gen schnell wieder zu erholen.<\/mark><\/li>\n\n\n\n<li><strong>B\u00fcrgerengagement und Lebensqualit\u00e4t<\/strong>: Das b\u00fcrgerschaftliche Engagement in l\u00e4ndlichen Gebieten wird oft vernachl\u00e4ssigt, obwohl es viele Vorteile f\u00fcr die soziale Integration des Einzelnen, den sozialen Zusammenhalt und eine demokratische politische Kultur mit sich bringt.<mark style=\"background-color:rgba(0, 0, 0, 0)\" class=\"has-inline-color has-text-hover-2-color\"> Im Rahmen von FUTURAL suchen wir nach M\u00f6glichkeiten, die Menschen in die Entscheidungen der Gemeinschaft einzubeziehen und das t\u00e4gliche Leben f\u00fcr alle zu verbessern.\u00a0<\/mark><\/li>\n\n\n\n<li><strong>Lebenslange Aus- und Weiterbildung <\/strong>Lebensbegleitende Bildung und Ausbildung k\u00f6nnen dazu beitragen, die Landbev\u00f6lkerung mit dem Wissen, den F\u00e4higkeiten und der erforderlichen Einstellung auszustatten. <mark style=\"background-color:rgba(0, 0, 0, 0)\" class=\"has-inline-color has-text-hover-color\">Im Rahmen von FUTURAL werden wir das Humankapital in l\u00e4ndlichen Gebieten st\u00e4rken, indem wir den Zugang zu Bildung und Ausbildung f\u00fcr alle erleichtern und erm\u00f6glichen, wobei wir uns besonders auf Frauen, Jugendliche und gef\u00e4hrdete Gruppen konzentrieren.<\/mark><\/li>\n<\/ol>\n\n\n\n<p>Es wurde viel Zeit darauf verwendet, die Schwerpunkte der einzelnen Bereiche und die Arten von intelligenten L\u00f6sungen zu erkunden, mit denen die einzigartigen Herausforderungen in jedem Bereich effektiv angegangen werden k\u00f6nnen.&nbsp;<\/p>\n\n\n\n<p><strong>Ein kollektives Unterfangen: Multi-Akteurs-Ansatz<\/strong><\/p>\n\n\n\n<p>FUTURAL bringt ein bemerkenswertes Konsortium von 21 Partnern aus zehn EU-L\u00e4ndern zusammen, das von akademischen und Forschungsinstituten bis hin zu Dienstleistern und gemeinn\u00fctzigen Organisationen reicht. Die Vielfalt des Fachwissens gew\u00e4hrleistet einen umfassenden Ansatz zur Bew\u00e4ltigung der vielf\u00e4ltigen Herausforderungen, mit denen das l\u00e4ndliche Europa konfrontiert ist.<\/p>\n\n\n\n<p>Der Multi-Akteurs-Ansatz ist notwendig, um alle wichtigen Akteure der Wertsch\u00f6pfungskette an einen Tisch zu bringen und sie in die Entwicklung und Umsetzung realistischer L\u00f6sungen einzubinden, die darauf abzielen, die Schwierigkeiten der l\u00e4ndlichen Gemeinden wirksam anzugehen.<\/p>\n\n\n\n<p><strong>Wie geht's weiter? Seien Sie ein Teil der Reise von FUTURAL<\/strong><\/p>\n\n\n\n<p>Diese Auftaktveranstaltung war nur der Anfang eines aufregenden, transformativen Projekts. Wir sind sehr daran interessiert, unsere Entwicklungen mit einem breiteren Publikum zu teilen und die Politik zu beeinflussen, um die gesellschaftlichen, \u00f6kologischen und finanziellen Auswirkungen zu maximieren.<\/p>\n\n\n\n<p>Bleiben Sie dran f\u00fcr regelm\u00e4\u00dfige Updates zu dieser vielseitigen Initiative, die ein vernetzteres, widerstandsf\u00e4higeres und st\u00e4rkeres l\u00e4ndliches Europa f\u00f6rdern soll. Schlie\u00dfen Sie sich uns an, wenn wir neue Horizonte in der kraftvollen Landschaft des l\u00e4ndlichen Europas erkunden. Lassen Sie uns FUTURAL zu einer lebendigen Realit\u00e4t machen!<\/p>\n\n\n\n<p><strong>Disclaimer<\/strong><\/p>\n\n\n\n<p>Kofinanziert von der Europ\u00e4ischen Union. Die ge\u00e4u\u00dferten Ansichten und Meinungen sind jedoch ausschlie\u00dflich die des Autors\/der Autoren und spiegeln nicht unbedingt die der Europ\u00e4ischen Union oder der Exekutivagentur f\u00fcr die Forschung wider. Weder die Europ\u00e4ische Union noch die Bewilligungsbeh\u00f6rde k\u00f6nnen f\u00fcr sie verantwortlich gemacht werden.<\/p>\n\n\n\n<figure class=\"wp-block-image\"><img decoding=\"async\" width=\"1024\" height=\"228\" src=\"https:\/\/futural-project.eu\/wp-content\/uploads\/2023\/06\/EN_Co-fundedbytheEU_RGB_POS-1024x228.png\" alt=\"\" class=\"wp-image-22928\" srcset=\"https:\/\/futural-project.eu\/wp-content\/uploads\/2023\/06\/EN_Co-fundedbytheEU_RGB_POS-1024x228.png 1024w, https:\/\/futural-project.eu\/wp-content\/uploads\/2023\/06\/EN_Co-fundedbytheEU_RGB_POS-300x67.png 300w, https:\/\/futural-project.eu\/wp-content\/uploads\/2023\/06\/EN_Co-fundedbytheEU_RGB_POS-768x171.png 768w, https:\/\/futural-project.eu\/wp-content\/uploads\/2023\/06\/EN_Co-fundedbytheEU_RGB_POS-1536x343.png 1536w, https:\/\/futural-project.eu\/wp-content\/uploads\/2023\/06\/EN_Co-fundedbytheEU_RGB_POS-2048x457.png 2048w, https:\/\/futural-project.eu\/wp-content\/uploads\/2023\/06\/EN_Co-fundedbytheEU_RGB_POS-370x83.png 370w, https:\/\/futural-project.eu\/wp-content\/uploads\/2023\/06\/EN_Co-fundedbytheEU_RGB_POS-840x187.png 840w, https:\/\/futural-project.eu\/wp-content\/uploads\/2023\/06\/EN_Co-fundedbytheEU_RGB_POS-410x91.png 410w\" sizes=\"(max-width: 1024px) 100vw, 1024px\" \/><\/figure>","protected":false},"excerpt":{"rendered":"<p>The FUTURAL project, co-funded by the European Union, initiated its journey with a kick-off meeting on the 15th &amp; 16th of June in Athens, Greece where 21 partners from a&hellip;<\/p>","protected":false},"author":4,"featured_media":24070,"comment_status":"closed","ping_status":"closed","sticky":false,"template":"","format":"standard","meta":{"iawp_total_views":117,"footnotes":""},"categories":[90,221],"tags":[228,217,227,218],"class_list":["post-24069","post","type-post","status-publish","format-standard","has-post-thumbnail","hentry","category-news","category-project-news","tag-eu-co-funded","tag-futural","tag-horizon-europe","tag-rural-areas"],"_links":{"self":[{"href":"http:\/\/futural-project.eu\/de\/wp-json\/wp\/v2\/posts\/24069","targetHints":{"allow":["GET"]}}],"collection":[{"href":"http:\/\/futural-project.eu\/de\/wp-json\/wp\/v2\/posts"}],"about":[{"href":"http:\/\/futural-project.eu\/de\/wp-json\/wp\/v2\/types\/post"}],"author":[{"embeddable":true,"href":"http:\/\/futural-project.eu\/de\/wp-json\/wp\/v2\/users\/4"}],"replies":[{"embeddable":true,"href":"http:\/\/futural-project.eu\/de\/wp-json\/wp\/v2\/comments?post=24069"}],"version-history":[{"count":5,"href":"http:\/\/futural-project.eu\/de\/wp-json\/wp\/v2\/posts\/24069\/revisions"}],"predecessor-version":[{"id":24751,"href":"http:\/\/futural-project.eu\/de\/wp-json\/wp\/v2\/posts\/24069\/revisions\/24751"}],"wp:featuredmedia":[{"embeddable":true,"href":"http:\/\/futural-project.eu\/de\/wp-json\/wp\/v2\/media\/24070"}],"wp:attachment":[{"href":"http:\/\/futural-project.eu\/de\/wp-json\/wp\/v2\/media?parent=24069"}],"wp:term":[{"taxonomy":"category","embeddable":true,"href":"http:\/\/futural-project.eu\/de\/wp-json\/wp\/v2\/categories?post=24069"},{"taxonomy":"post_tag","embeddable":true,"href":"http:\/\/futural-project.eu\/de\/wp-json\/wp\/v2\/tags?post=24069"}],"curies":[{"name":"wp","href":"https:\/\/api.w.org\/{rel}","templated":true}]}}