{"id":22892,"date":"2023-06-23T12:09:03","date_gmt":"2023-06-23T12:09:03","guid":{"rendered":"https:\/\/futural-project.eu\/?p=22892"},"modified":"2023-11-22T10:21:14","modified_gmt":"2023-11-22T10:21:14","slug":"futural-1st-press-release-empowering-the-future-of-rural-areas","status":"publish","type":"post","link":"http:\/\/futural-project.eu\/fr\/futural-1st-press-release-empowering-the-future-of-rural-areas\/","title":{"rendered":"1er communiqu\u00e9 de presse de FUTURAL\u00a0: \u00ab\u00a0Dynamiser l\u2019avenir des zones rurales&nbsp;\u00bb"},"content":{"rendered":"<p><\/p>\n\n\n\n<p>Cofinanc\u00e9 par l\u2019Union europ\u00e9enne, le projet FUTURAL a \u00e9t\u00e9 lanc\u00e9 en juin 2023 dans le but de dynamiser les zones rurales en Europe. Vu leur grande diversit\u00e9 sociale, culturelle, g\u00e9ographique et topographique, ces r\u00e9gions se caract\u00e9risent par des d\u00e9fis et des opportunit\u00e9s uniques. Les questions complexes qui se posent sont le d\u00e9peuplement, la fuite des talents, le vieillissement de la population, la connectivit\u00e9 limit\u00e9e et l\u2019acc\u00e8s restreint aux infrastructures et aux services publics.<\/p>\n\n\n\n<p>FUTURAL souhaite intervenir dans ce paysage afin d\u2019am\u00e9liorer la r\u00e9silience, la durabilit\u00e9 et la connectivit\u00e9 de ces zones et, \u00e0 terme, la qualit\u00e9 de vie des citoyens qui vivent dans un milieu rural europ\u00e9en. Le projet ambitionne de servir ces communaut\u00e9s et de veiller \u00e0 ce qu\u2019elles soient pr\u00eates \u00e0 relever les d\u00e9fis susmentionn\u00e9s.&nbsp;<\/p>\n\n\n\n<p>Gr\u00e2ce \u00e0 la mise en \u0153uvre de sept solutions num\u00e9riques intelligentes uniques dans cinq domaines distincts, les effets escompt\u00e9s de FUTURAL sont entre autres de favoriser la r\u00e9silience et la durabilit\u00e9 face aux conditions environnementales et d\u2019am\u00e9liorer de mani\u00e8re significative les conditions socio-\u00e9conomiques. Les domaines dans lesquels les solutions intelligentes seront d\u00e9velopp\u00e9es et d\u00e9ploy\u00e9es sont les suivants :&nbsp;<\/p>\n\n\n\n<p>1. Bio\u00e9conomie circulaire, biodiversit\u00e9 et gestion des \u00e9cosyst\u00e8mes<\/p>\n\n\n\n<p>2. Adaptation au changement climatique et att\u00e9nuation de ses effets<\/p>\n\n\n\n<p>3. R\u00e9silience aux chocs<\/p>\n\n\n\n<p>4. Engagement citoyen et qualit\u00e9 de vie<\/p>\n\n\n\n<p>5. \u00c9ducation et formation tout au long de la vie<\/p>\n\n\n\n<blockquote class=\"wp-block-quote has-text-align-left is-layout-flow wp-block-quote-is-layout-flow\">\n<p class=\"has-text-align-left\">Les outils et les services innovants destin\u00e9s aux zones rurales ont \u00e9t\u00e9 n\u00e9glig\u00e9s, la majorit\u00e9 des financements et de l\u2019attention \u00e9tant dirig\u00e9s vers les villes et les zones agricoles. FUTURAL vise \u00e0 combler cette lacune en introduisant sept solutions num\u00e9riques intelligentes pour r\u00e9pondre aux besoins urgents des communaut\u00e9s rurales.\nCes solutions seront mises en \u0153uvre dans six communaut\u00e9s rurales diff\u00e9rentes, et d\u2019autres solutions num\u00e9riques seront d\u00e9velopp\u00e9es dans le cadre d\u2019un Appel Ouvert. Toutes ces solutions num\u00e9riques seront facilement accessibles via une plateforme interactive, non seulement pour les partenaires du projet, mais \u00e9galement pour une communaut\u00e9 \u00e9largie en Europe. En outre, nous \u00e9laborerons des recommandations politiques qui pourront \u00eatre partag\u00e9es avec les d\u00e9cideurs de la CE et des \u00c9tats membres, dans le but ultime de favoriser les zones rurales europ\u00e9ennes dynamiques et avanc\u00e9es du point de vue technologique.<\/p>\n<cite>Dr. Spyros Fountas<\/cite><\/blockquote>\n\n\n\n<p>FUTURAL met en relation 21 partenaires issus de dix pays de l\u2019UE pour une approche multi-acteurs renforc\u00e9e et connecte des instituts universitaires et de recherche, des entreprises industrielles, des prestataires de services et des organisations \u00e0 but non lucratif des secteurs des technologies de l\u2019information, des sciences sociales et humaines, des entreprises, de la recherche rurale, de la politique et de l\u2019administration publique.<\/p>\n\n\n\n<p>FUTURAL repousse \u00e9galement les limites des mesures politiques pens\u00e9es pour les zones rurales. Le projet implique plus de 50 d\u00e9cideurs politiques dans la cocr\u00e9ation de recommandations politiques. Sa contribution \u00e0 la r\u00e9alisation des futurs objectifs de la PAC en faveur des Villages Intelligents s\u2019en trouve maximis\u00e9e.<\/p>\n\n\n\n<p class=\"translation-block\">Pour en savoir plus sur le projet FUTURAL et rester inform\u00e9(e), rendez-vous sur le site <a href=\"https:\/\/futural-project.eu\/fr\/\" target=\"_self\">https:\/\/futural-project.eu<\/a> et suivez-nous sur les r\u00e9seaux sociaux :<\/p>\n\n\n\n<ul class=\"wp-block-social-links aligncenter is-layout-flex wp-block-social-links-is-layout-flex\"><li class=\"wp-social-link wp-social-link-linkedin  wp-block-social-link\"><a href=\"https:\/\/www.linkedin.com\/company\/futural-project\/\" class=\"wp-block-social-link-anchor\"><svg width=\"24\" height=\"24\" viewbox=\"0 0 24 24\" version=\"1.1\" xmlns=\"http:\/\/www.w3.org\/2000\/svg\" aria-hidden=\"true\" focusable=\"false\"><path d=\"M19.7,3H4.3C3.582,3,3,3.582,3,4.3v15.4C3,20.418,3.582,21,4.3,21h15.4c0.718,0,1.3-0.582,1.3-1.3V4.3 C21,3.582,20.418,3,19.7,3z M8.339,18.338H5.667v-8.59h2.672V18.338z M7.004,8.574c-0.857,0-1.549-0.694-1.549-1.548 c0-0.855,0.691-1.548,1.549-1.548c0.854,0,1.547,0.694,1.547,1.548C8.551,7.881,7.858,8.574,7.004,8.574z M18.339,18.338h-2.669 v-4.177c0-0.996-0.017-2.278-1.387-2.278c-1.389,0-1.601,1.086-1.601,2.206v4.249h-2.667v-8.59h2.559v1.174h0.037 c0.356-0.675,1.227-1.387,2.526-1.387c2.703,0,3.203,1.779,3.203,4.092V18.338z\"><\/path><\/svg><span class=\"wp-block-social-link-label screen-reader-text\">LinkedIn<\/span><\/a><\/li>\n\n<li class=\"wp-social-link wp-social-link-facebook  wp-block-social-link\"><a href=\"https:\/\/www.facebook.com\/profile.php?id=100091996255620\" class=\"wp-block-social-link-anchor\"><svg width=\"24\" height=\"24\" viewbox=\"0 0 24 24\" version=\"1.1\" xmlns=\"http:\/\/www.w3.org\/2000\/svg\" aria-hidden=\"true\" focusable=\"false\"><path d=\"M12 2C6.5 2 2 6.5 2 12c0 5 3.7 9.1 8.4 9.9v-7H7.9V12h2.5V9.8c0-2.5 1.5-3.9 3.8-3.9 1.1 0 2.2.2 2.2.2v2.5h-1.3c-1.2 0-1.6.8-1.6 1.6V12h2.8l-.4 2.9h-2.3v7C18.3 21.1 22 17 22 12c0-5.5-4.5-10-10-10z\"><\/path><\/svg><span class=\"wp-block-social-link-label screen-reader-text\">Facebook<\/span><\/a><\/li>\n\n<li class=\"wp-social-link wp-social-link-twitter  wp-block-social-link\"><a href=\"https:\/\/twitter.com\/FUTURALproject\" class=\"wp-block-social-link-anchor\"><svg width=\"24\" height=\"24\" viewbox=\"0 0 24 24\" version=\"1.1\" xmlns=\"http:\/\/www.w3.org\/2000\/svg\" aria-hidden=\"true\" focusable=\"false\"><path d=\"M22.23,5.924c-0.736,0.326-1.527,0.547-2.357,0.646c0.847-0.508,1.498-1.312,1.804-2.27 c-0.793,0.47-1.671,0.812-2.606,0.996C18.324,4.498,17.257,4,16.077,4c-2.266,0-4.103,1.837-4.103,4.103 c0,0.322,0.036,0.635,0.106,0.935C8.67,8.867,5.647,7.234,3.623,4.751C3.27,5.357,3.067,6.062,3.067,6.814 c0,1.424,0.724,2.679,1.825,3.415c-0.673-0.021-1.305-0.206-1.859-0.513c0,0.017,0,0.034,0,0.052c0,1.988,1.414,3.647,3.292,4.023 c-0.344,0.094-0.707,0.144-1.081,0.144c-0.264,0-0.521-0.026-0.772-0.074c0.522,1.63,2.038,2.816,3.833,2.85 c-1.404,1.1-3.174,1.756-5.096,1.756c-0.331,0-0.658-0.019-0.979-0.057c1.816,1.164,3.973,1.843,6.29,1.843 c7.547,0,11.675-6.252,11.675-11.675c0-0.178-0.004-0.355-0.012-0.531C20.985,7.47,21.68,6.747,22.23,5.924z\"><\/path><\/svg><span class=\"wp-block-social-link-label screen-reader-text\">Twitter<\/span><\/a><\/li>\n\n<li class=\"wp-social-link wp-social-link-youtube  wp-block-social-link\"><a href=\"https:\/\/www.youtube.com\/channel\/UCX_er3FbeB1rpa_-3Ce7tPQ\" class=\"wp-block-social-link-anchor\"><svg width=\"24\" height=\"24\" viewbox=\"0 0 24 24\" version=\"1.1\" xmlns=\"http:\/\/www.w3.org\/2000\/svg\" aria-hidden=\"true\" focusable=\"false\"><path d=\"M21.8,8.001c0,0-0.195-1.378-0.795-1.985c-0.76-0.797-1.613-0.801-2.004-0.847c-2.799-0.202-6.997-0.202-6.997-0.202 h-0.009c0,0-4.198,0-6.997,0.202C4.608,5.216,3.756,5.22,2.995,6.016C2.395,6.623,2.2,8.001,2.2,8.001S2,9.62,2,11.238v1.517 c0,1.618,0.2,3.237,0.2,3.237s0.195,1.378,0.795,1.985c0.761,0.797,1.76,0.771,2.205,0.855c1.6,0.153,6.8,0.201,6.8,0.201 s4.203-0.006,7.001-0.209c0.391-0.047,1.243-0.051,2.004-0.847c0.6-0.607,0.795-1.985,0.795-1.985s0.2-1.618,0.2-3.237v-1.517 C22,9.62,21.8,8.001,21.8,8.001z M9.935,14.594l-0.001-5.62l5.404,2.82L9.935,14.594z\"><\/path><\/svg><span class=\"wp-block-social-link-label screen-reader-text\">YouTube<\/span><\/a><\/li><\/ul>\n\n\n\n<p><strong>Avis de non-responsabilit\u00e9<\/strong><\/p>\n\n\n\n<p>Cofinanc\u00e9 par l\u2019Union europ\u00e9enne. Les points de vue et les opinions exprim\u00e9s sont ceux des auteurs et autrices et ne refl\u00e8tent pas n\u00e9cessairement ceux de l\u2019Union europ\u00e9enne ou de l\u2019Agence ex\u00e9cutive pour la recherche. Ni l\u2019Union europ\u00e9enne ni l\u2019autorit\u00e9 octroyant l\u2019autorisation ne peuvent en \u00eatre tenues pour responsables.<\/p>\n\n\n\n<figure class=\"wp-block-image size-large is-resized\"><img decoding=\"async\" src=\"https:\/\/futural-project.eu\/wp-content\/uploads\/2023\/06\/EN_Co-fundedbytheEU_RGB_POS-1024x228.png\" alt=\"\" class=\"wp-image-22928\" width=\"295\" height=\"66\" srcset=\"https:\/\/futural-project.eu\/wp-content\/uploads\/2023\/06\/EN_Co-fundedbytheEU_RGB_POS-1024x228.png 1024w, https:\/\/futural-project.eu\/wp-content\/uploads\/2023\/06\/EN_Co-fundedbytheEU_RGB_POS-300x67.png 300w, https:\/\/futural-project.eu\/wp-content\/uploads\/2023\/06\/EN_Co-fundedbytheEU_RGB_POS-768x171.png 768w, https:\/\/futural-project.eu\/wp-content\/uploads\/2023\/06\/EN_Co-fundedbytheEU_RGB_POS-1536x343.png 1536w, https:\/\/futural-project.eu\/wp-content\/uploads\/2023\/06\/EN_Co-fundedbytheEU_RGB_POS-2048x457.png 2048w, https:\/\/futural-project.eu\/wp-content\/uploads\/2023\/06\/EN_Co-fundedbytheEU_RGB_POS-370x83.png 370w, https:\/\/futural-project.eu\/wp-content\/uploads\/2023\/06\/EN_Co-fundedbytheEU_RGB_POS-840x187.png 840w, https:\/\/futural-project.eu\/wp-content\/uploads\/2023\/06\/EN_Co-fundedbytheEU_RGB_POS-410x91.png 410w\" sizes=\"(max-width: 295px) 100vw, 295px\" \/><\/figure>","protected":false},"excerpt":{"rendered":"<p>Cofinanc\u00e9 par l\u2019Union europ\u00e9enne, le projet FUTURAL a \u00e9t\u00e9 lanc\u00e9 en juin 2023 dans le but de dynamiser les zones rurales en Europe. Vu leur grande diversit\u00e9 sociale, culturelle, g\u00e9ographique et topographique, ces r\u00e9gions<\/p>","protected":false},"author":1,"featured_media":22910,"comment_status":"closed","ping_status":"closed","sticky":false,"template":"","format":"standard","meta":{"iawp_total_views":157,"footnotes":""},"categories":[90,220],"tags":[217,216,218],"class_list":["post-22892","post","type-post","status-publish","format-standard","has-post-thumbnail","hentry","category-news","category-press-releases","tag-futural","tag-press-release","tag-rural-areas"],"_links":{"self":[{"href":"http:\/\/futural-project.eu\/fr\/wp-json\/wp\/v2\/posts\/22892","targetHints":{"allow":["GET"]}}],"collection":[{"href":"http:\/\/futural-project.eu\/fr\/wp-json\/wp\/v2\/posts"}],"about":[{"href":"http:\/\/futural-project.eu\/fr\/wp-json\/wp\/v2\/types\/post"}],"author":[{"embeddable":true,"href":"http:\/\/futural-project.eu\/fr\/wp-json\/wp\/v2\/users\/1"}],"replies":[{"embeddable":true,"href":"http:\/\/futural-project.eu\/fr\/wp-json\/wp\/v2\/comments?post=22892"}],"version-history":[{"count":5,"href":"http:\/\/futural-project.eu\/fr\/wp-json\/wp\/v2\/posts\/22892\/revisions"}],"predecessor-version":[{"id":24339,"href":"http:\/\/futural-project.eu\/fr\/wp-json\/wp\/v2\/posts\/22892\/revisions\/24339"}],"wp:featuredmedia":[{"embeddable":true,"href":"http:\/\/futural-project.eu\/fr\/wp-json\/wp\/v2\/media\/22910"}],"wp:attachment":[{"href":"http:\/\/futural-project.eu\/fr\/wp-json\/wp\/v2\/media?parent=22892"}],"wp:term":[{"taxonomy":"category","embeddable":true,"href":"http:\/\/futural-project.eu\/fr\/wp-json\/wp\/v2\/categories?post=22892"},{"taxonomy":"post_tag","embeddable":true,"href":"http:\/\/futural-project.eu\/fr\/wp-json\/wp\/v2\/tags?post=22892"}],"curies":[{"name":"wp","href":"https:\/\/api.w.org\/{rel}","templated":true}]}}