{"id":24069,"date":"2023-06-23T15:32:00","date_gmt":"2023-06-23T15:32:00","guid":{"rendered":"https:\/\/futural-project.eu\/?p=24069"},"modified":"2024-03-19T13:38:36","modified_gmt":"2024-03-19T13:38:36","slug":"futurals-kick-off-meeting-charting-a-path-towards-empowering-rural-europe","status":"publish","type":"post","link":"http:\/\/futural-project.eu\/fr\/futurals-kick-off-meeting-charting-a-path-towards-empowering-rural-europe\/","title":{"rendered":"R\u00e9union de lancement de FUTURAL\u00a0:\n\u00ab\u00a0Tracer la voie vers la dynamisation de l\u2019Europe rurale&nbsp;\u00bb"},"content":{"rendered":"<p>Cofinanc\u00e9 par l\u2019Union europ\u00e9enne, le projet FUTURAL a d\u00e9but\u00e9 par une r\u00e9union de lancement les 15 et 16 juin \u00e0 Ath\u00e8nes, en Gr\u00e8ce, \u00e0 laquelle ont particip\u00e9 21 partenaires issus d\u2019un large \u00e9ventail de secteurs et provenant de 10 pays europ\u00e9ens. Accueillie par l\u2019universit\u00e9 d\u2019agriculture d\u2019Ath\u00e8nes (AUA), la r\u00e9union a jet\u00e9 les bases de notre calendrier ambitieux qui vise \u00e0 transformer et \u00e0 dynamiser les communaut\u00e9s rurales dans toute l\u2019Europe.<\/p>\n\n\n\n<figure class=\"wp-block-image size-large\"><img fetchpriority=\"high\" decoding=\"async\" width=\"1024\" height=\"576\" src=\"https:\/\/futural-project.eu\/wp-content\/uploads\/2023\/08\/1686840340786-1024x576.jpeg\" alt=\"\" class=\"wp-image-24070\" srcset=\"https:\/\/futural-project.eu\/wp-content\/uploads\/2023\/08\/1686840340786-1024x576.jpeg 1024w, https:\/\/futural-project.eu\/wp-content\/uploads\/2023\/08\/1686840340786-300x169.jpeg 300w, https:\/\/futural-project.eu\/wp-content\/uploads\/2023\/08\/1686840340786-768x432.jpeg 768w, https:\/\/futural-project.eu\/wp-content\/uploads\/2023\/08\/1686840340786-1536x864.jpeg 1536w, https:\/\/futural-project.eu\/wp-content\/uploads\/2023\/08\/1686840340786-370x208.jpeg 370w, https:\/\/futural-project.eu\/wp-content\/uploads\/2023\/08\/1686840340786-1290x725.jpeg 1290w, https:\/\/futural-project.eu\/wp-content\/uploads\/2023\/08\/1686840340786-840x473.jpeg 840w, https:\/\/futural-project.eu\/wp-content\/uploads\/2023\/08\/1686840340786-410x231.jpeg 410w, https:\/\/futural-project.eu\/wp-content\/uploads\/2023\/08\/1686840340786-270x152.jpeg 270w, https:\/\/futural-project.eu\/wp-content\/uploads\/2023\/08\/1686840340786-rotated.jpeg 2000w\" sizes=\"(max-width: 1024px) 100vw, 1024px\" \/><\/figure>\n\n\n\n<p><strong>D\u00e9voilement des plans ambitieux de FUTURAL<\/strong><\/p>\n\n\n\n<p>Sous l\u2019\u00e9gide de l\u2019AUA et du professeur Spyros Fountas qui est \u00e9galement coordinateur du projet, la r\u00e9union a \u00e9t\u00e9 bien plus qu\u2019une simple rencontre initiale&nbsp;; en effet, la plateforme enrichissante qui s\u2019est constitu\u00e9e a permis d\u2019approfondir les complexit\u00e9s et le potentiel inexploit\u00e9 de l\u2019Europe rurale.<\/p>\n\n\n\n<p>Ari Lomis, chef de projet de FUTURAL, nous a pr\u00e9sent\u00e9 les fondements conceptuels du projet, en expliquant ses principaux objectifs et les m\u00e9thodologies de transformation qui guideront notre action collective.&nbsp;<\/p>\n\n\n\n<p>Ensuite, tous les responsables des groupes de travail ont pr\u00e9sent\u00e9 une vue d\u2019ensemble des activit\u00e9s du projet en mettant l\u2019accent sur les actions imm\u00e9diates n\u00e9cessaires pour \u00e9tablir un flux de travail harmonieux et bien coordonn\u00e9.&nbsp;<\/p>\n\n\n\n<p><strong>Au-del\u00e0 de la num\u00e9risation\u00a0: l\u2019approche holistique de FUTURAL<\/strong><\/p>\n\n\n\n<p>Apr\u00e8s examen des groupes de travail, nous avons explor\u00e9 ce que nous appelons les domaines FUTURAL, c\u2019est-\u00e0-dire les domaines cl\u00e9s sur lesquels le projet sera ax\u00e9. Ceux-ci apporteront des changements r\u00e9els. Dans le but de les int\u00e9grer au tissu de la vie rurale pour cr\u00e9er des communaut\u00e9s r\u00e9silientes et durables, nous d\u00e9velopperons des outils num\u00e9riques intelligents dans six (6) projets pilotes multi-acteurs (MAP) \u00e0 travers l\u2019UE et dans cinq domaines primordiaux&nbsp;:<\/p>\n\n\n\n<ol class=\"wp-block-list\">\n<li><strong>Bio\u00e9conomie circulaire, biodiversit\u00e9 et gestion des \u00e9cosyst\u00e8mes\u00a0:<\/strong> <mark style=\"background-color:rgba(0, 0, 0, 0)\" class=\"has-inline-color has-text-link-3-color\">avec FUTURAL, nous r\u00e9fl\u00e9chissons aux moyens de tirer le meilleur parti des ressources naturelles dans les zones rurales, en \u00e9vitant toute d\u00e9perdition.<\/mark> Nous visons \u00e9galement \u00e0 aider les communaut\u00e9s rurales \u00e0 surveiller la biodiversit\u00e9 \u00e0 l'aide d'outils num\u00e9riques et de sources de donn\u00e9es disponibles. Cette approche permet d\u2019identifier les vuln\u00e9rabilit\u00e9s de ces \u00e9cosyst\u00e8mes et d\u2019adopter des mesures pr\u00e9ventives dans les zones rurales.<\/li>\n\n\n\n<li><strong>Adaptation au changement climatique et att\u00e9nuation de ses effets&nbsp;:<\/strong> les inondations et l\u2019acc\u00e8s \u00e0 une eau de qualit\u00e9 sont des probl\u00e8mes en lien avec le changement climatique. Ils ont un impact n\u00e9gatif sur le d\u00e9veloppement rural et les activit\u00e9s agricoles.<mark style=\"background-color:rgba(0, 0, 0, 0)\" class=\"has-inline-color has-text-link-color\"> Avec FUTURAL, nous voulons aider les communaut\u00e9s \u00e0 mieux se pr\u00e9parer \u00e0 l\u2019\u00e9volution des conditions m\u00e9t\u00e9orologiques et \u00e0 r\u00e9duire leur impact environnemental.<\/mark><\/li>\n\n\n\n<li><strong>R\u00e9silience aux chocs&nbsp;:<\/strong> la \u00ab sant\u00e9 \u00bb des ponts, des r\u00e9seaux routiers et des b\u00e2timents est une pr\u00e9occupation croissante pour les zones rurales et peut \u00eatre affect\u00e9e par plusieurs facteurs (par exemple, des conditions climatiques extr\u00eames augmentant la pression sur des structures vieillissantes qui ont d\u00e9pass\u00e9 leur dur\u00e9e de vie th\u00e9orique). <mark style=\"background-color:rgba(0, 0, 0, 0)\" class=\"has-inline-color has-text-light-color\">Avec FUTURAL, nous voulons aider les communaut\u00e9s \u00e0 rebondir rapidement apr\u00e8s des revers inattendus.<\/mark><\/li>\n\n\n\n<li><strong>Engagement citoyen et qualit\u00e9 de vie\u00a0:&nbsp;<\/strong>l\u2019engagement citoyen dans les zones rurales est souvent n\u00e9glig\u00e9 malgr\u00e9 ses nombreux avantages en termes d\u2019int\u00e9gration sociale individuelle, de coh\u00e9sion sociale et de culture politique d\u00e9mocratique.<mark style=\"background-color:rgba(0, 0, 0, 0)\" class=\"has-inline-color has-text-hover-2-color\"> Avec FUTURAL, nous cherchons les moyens d\u2019impliquer les citoyens et les citoyennes dans les d\u00e9cisions communautaires et d\u2019am\u00e9liorer la vie quotidienne de toutes et de tous.\u00a0<\/mark><\/li>\n\n\n\n<li><strong>\u00c9ducation et formation tout au long de la vie&nbsp;: <\/strong>l\u2019\u00e9ducation et la formation tout au long de la vie peuvent contribuer \u00e0 doter les citoyens ruraux des connaissances, des comp\u00e9tences et de l\u2019\u00e9tat d\u2019esprit requis. <mark style=\"background-color:rgba(0, 0, 0, 0)\" class=\"has-inline-color has-text-hover-color\">Avec FUTURAL, nous renforcerons le capital humain des zones rurales en facilitant et en rendant accessibles l\u2019\u00e9ducation et la formation pour toutes et tous, en mettant particuli\u00e8rement l\u2019accent sur les femmes, les jeunes et les groupes vuln\u00e9rables.<\/mark><\/li>\n<\/ol>\n\n\n\n<p>Un temps consid\u00e9rable a \u00e9t\u00e9 consacr\u00e9 \u00e0 l\u2019exploration de chaque domaine et aux types de solutions intelligentes qui peuvent relever efficacement les d\u00e9fis uniques port\u00e9s par chaque domaine.&nbsp;<\/p>\n\n\n\n<p><strong>Un effort collectif\u00a0: une approche multiacteurs<\/strong><\/p>\n\n\n\n<p>FUTURAL rassemble un consortium remarquable de 21 partenaires issus de dix pays de l\u2019UE, alliant des instituts universitaires et de recherche, des prestataires de services et des organisations \u00e0 but non lucratif. La diversit\u00e9 des sp\u00e9cialisations garantit une approche globale pour relever les d\u00e9fis multiformes rencontr\u00e9s par l\u2019Europe rurale.<\/p>\n\n\n\n<p>L\u2019approche multi-acteurs est n\u00e9cessaire pour r\u00e9unir toutes les parties prenantes cl\u00e9s de la cha\u00eene de valeur et les faire participer \u00e0 l\u2019\u00e9laboration et \u00e0 la mise en \u0153uvre de solutions r\u00e9alistes visant \u00e0 r\u00e9soudre efficacement les difficult\u00e9s rencontr\u00e9es par les communaut\u00e9s rurales.<\/p>\n\n\n\n<p><strong>Et ensuite\u00a0? Suivez tout le parcours de FUTURAL<\/strong><\/p>\n\n\n\n<p>Cette r\u00e9union de lancement n\u2019a marqu\u00e9 que le d\u00e9but d\u2019une aventure passionnante et transformatrice. Nous souhaitons partager nos progr\u00e8s avec un public plus large et influencer les politiques afin de maximiser l\u2019impact soci\u00e9tal, environnemental et financier.<\/p>\n\n\n\n<p>Suivez de pr\u00e8s les mises \u00e0 jour r\u00e9guli\u00e8res que nous postons sur cette initiative \u00e0 multiples facettes, qui vise \u00e0 favoriser une Europe rurale plus connect\u00e9e, plus r\u00e9siliente et plus autonome. Rejoignez-nous pour explorer de nouveaux horizons dans le paysage dynamique de l\u2019Europe rurale. Faisons de FUTURAL une r\u00e9alit\u00e9 vivante\u00a0!<\/p>\n\n\n\n<p><strong>Avis de non-responsabilit\u00e9<\/strong><\/p>\n\n\n\n<p>Cofinanc\u00e9 par l\u2019Union europ\u00e9enne. Les points de vue et les opinions exprim\u00e9s sont ceux des auteurs et autrices et ne refl\u00e8tent pas n\u00e9cessairement ceux de l\u2019Union europ\u00e9enne ou de l\u2019Agence ex\u00e9cutive pour la recherche. Ni l\u2019Union europ\u00e9enne ni l\u2019autorit\u00e9 octroyant l\u2019autorisation ne peuvent en \u00eatre tenues pour responsables.<\/p>\n\n\n\n<figure class=\"wp-block-image\"><img decoding=\"async\" width=\"1024\" height=\"228\" src=\"https:\/\/futural-project.eu\/wp-content\/uploads\/2023\/06\/EN_Co-fundedbytheEU_RGB_POS-1024x228.png\" alt=\"\" class=\"wp-image-22928\" srcset=\"https:\/\/futural-project.eu\/wp-content\/uploads\/2023\/06\/EN_Co-fundedbytheEU_RGB_POS-1024x228.png 1024w, https:\/\/futural-project.eu\/wp-content\/uploads\/2023\/06\/EN_Co-fundedbytheEU_RGB_POS-300x67.png 300w, https:\/\/futural-project.eu\/wp-content\/uploads\/2023\/06\/EN_Co-fundedbytheEU_RGB_POS-768x171.png 768w, https:\/\/futural-project.eu\/wp-content\/uploads\/2023\/06\/EN_Co-fundedbytheEU_RGB_POS-1536x343.png 1536w, https:\/\/futural-project.eu\/wp-content\/uploads\/2023\/06\/EN_Co-fundedbytheEU_RGB_POS-2048x457.png 2048w, https:\/\/futural-project.eu\/wp-content\/uploads\/2023\/06\/EN_Co-fundedbytheEU_RGB_POS-370x83.png 370w, https:\/\/futural-project.eu\/wp-content\/uploads\/2023\/06\/EN_Co-fundedbytheEU_RGB_POS-840x187.png 840w, https:\/\/futural-project.eu\/wp-content\/uploads\/2023\/06\/EN_Co-fundedbytheEU_RGB_POS-410x91.png 410w\" sizes=\"(max-width: 1024px) 100vw, 1024px\" \/><\/figure>","protected":false},"excerpt":{"rendered":"<p>Cofinanc\u00e9 par l\u2019Union europ\u00e9enne, le projet FUTURAL a d\u00e9but\u00e9 par une r\u00e9union de lancement les 15 et 16 juin \u00e0 Ath\u00e8nes, en Gr\u00e8ce, \u00e0 laquelle ont particip\u00e9 21 partenaires issus d\u2019un<\/p>","protected":false},"author":4,"featured_media":24070,"comment_status":"closed","ping_status":"closed","sticky":false,"template":"","format":"standard","meta":{"iawp_total_views":117,"footnotes":""},"categories":[90,221],"tags":[228,217,227,218],"class_list":["post-24069","post","type-post","status-publish","format-standard","has-post-thumbnail","hentry","category-news","category-project-news","tag-eu-co-funded","tag-futural","tag-horizon-europe","tag-rural-areas"],"_links":{"self":[{"href":"http:\/\/futural-project.eu\/fr\/wp-json\/wp\/v2\/posts\/24069","targetHints":{"allow":["GET"]}}],"collection":[{"href":"http:\/\/futural-project.eu\/fr\/wp-json\/wp\/v2\/posts"}],"about":[{"href":"http:\/\/futural-project.eu\/fr\/wp-json\/wp\/v2\/types\/post"}],"author":[{"embeddable":true,"href":"http:\/\/futural-project.eu\/fr\/wp-json\/wp\/v2\/users\/4"}],"replies":[{"embeddable":true,"href":"http:\/\/futural-project.eu\/fr\/wp-json\/wp\/v2\/comments?post=24069"}],"version-history":[{"count":5,"href":"http:\/\/futural-project.eu\/fr\/wp-json\/wp\/v2\/posts\/24069\/revisions"}],"predecessor-version":[{"id":24751,"href":"http:\/\/futural-project.eu\/fr\/wp-json\/wp\/v2\/posts\/24069\/revisions\/24751"}],"wp:featuredmedia":[{"embeddable":true,"href":"http:\/\/futural-project.eu\/fr\/wp-json\/wp\/v2\/media\/24070"}],"wp:attachment":[{"href":"http:\/\/futural-project.eu\/fr\/wp-json\/wp\/v2\/media?parent=24069"}],"wp:term":[{"taxonomy":"category","embeddable":true,"href":"http:\/\/futural-project.eu\/fr\/wp-json\/wp\/v2\/categories?post=24069"},{"taxonomy":"post_tag","embeddable":true,"href":"http:\/\/futural-project.eu\/fr\/wp-json\/wp\/v2\/tags?post=24069"}],"curies":[{"name":"wp","href":"https:\/\/api.w.org\/{rel}","templated":true}]}}