{"id":27433,"date":"2026-04-29T09:25:48","date_gmt":"2026-04-29T09:25:48","guid":{"rendered":"https:\/\/futural-project.eu\/?p=27433"},"modified":"2026-04-29T12:28:31","modified_gmt":"2026-04-29T12:28:31","slug":"meet-the-speakers-of-the-eu-rif-2","status":"publish","type":"post","link":"https:\/\/futural-project.eu\/ro\/meet-the-speakers-of-the-eu-rif-2\/","title":{"rendered":"Meet the speakers of the EU-RIF 2"},"content":{"rendered":"<p>The second EU Rural Innovation Forum (EU-RIF 2) &nbsp;<strong>\u201cFrom Smart Villages to Smart Rural Futures: experiences from the Baltic region\u201c<\/strong>, in the framework of the Horizon Europe <a href=\"https:\/\/futural-project.eu\/ro\/\">FUTURAL<\/a> project (<em>Empowering the future through innovative smart solutions for rural areas)<\/em> is scheduled to take place on<strong>&nbsp;5th and 6th of May 2026, in Jonava Cultural Centre in Lithuania.<\/strong><br>This event is a networking opportunity to meet stakeholders from the rural ecosystem, rural innovation network representatives, policymakers and implementers, EU-funded R&amp;I projects, organisations, and entrepreneurs with the aim to set the groundwork for <strong>capacity building<\/strong> and <strong>expertise sharing<\/strong> on <strong>smart community-led innovation in rural areas.<\/strong><br>Our speakers will share their expertise and unique perspectives on a range of important topics. Meet our distinguished speakers, who will share their expertise, experiences, and insights on <strong>smart rural innovations<\/strong>:<\/p>\n\n\n\n<p class=\"has-medium-font-size\"><strong>SESSION SPEAKERS: Understanding Smart Villages: From concept to practice<\/strong> <strong>(5 May 2026, 11h30 CET)<\/strong><\/p>\n\n\n\n<div class=\"wp-block-group is-nowrap is-layout-flex wp-container-core-group-is-layout-3a103473 wp-block-group-is-layout-flex\" style=\"padding-top:var(--wp--preset--spacing--70);padding-bottom:var(--wp--preset--spacing--70)\">\n<div class=\"wp-block-media-text has-media-on-the-right is-stacked-on-mobile\" style=\"margin-top:var(--wp--preset--spacing--30);margin-bottom:var(--wp--preset--spacing--30);grid-template-columns:auto 29%\"><div class=\"wp-block-media-text__content\">\n<p class=\"has-medium-font-size\"><strong>Auks\u0117 Lebeckien\u0117 &#8211; Kai\u0161iadorys LAG project administrator<\/strong><\/p>\n\n\n\n<p><strong>Auks\u0117<\/strong> <strong>Lebeckien\u0117<\/strong> has experience in project administration, the coordination of community initiatives, and local development projects. She possesses strong organisational skills, including planning, documentation management, stakeholder communication, and effective task prioritisation. She believes that continuous movement creates real value; therefore, for her, work is not only about implementing projects, but also about growing alongside them through learning, adapting, and seeking better solutions. She is organised, responsible, and results-oriented, and is especially motivated by the opportunity to drive change and inspire others to grow.<\/p>\n<\/div><figure class=\"wp-block-media-text__media\"><img fetchpriority=\"high\" decoding=\"async\" width=\"819\" height=\"1024\" src=\"https:\/\/futural-project.eu\/wp-content\/uploads\/2026\/04\/meet-the-speakers-eurif2-819x1024.png\" alt=\"\" class=\"wp-image-27444 size-full\" srcset=\"https:\/\/futural-project.eu\/wp-content\/uploads\/2026\/04\/meet-the-speakers-eurif2-819x1024.png 819w, https:\/\/futural-project.eu\/wp-content\/uploads\/2026\/04\/meet-the-speakers-eurif2-240x300.png 240w, https:\/\/futural-project.eu\/wp-content\/uploads\/2026\/04\/meet-the-speakers-eurif2-768x960.png 768w, https:\/\/futural-project.eu\/wp-content\/uploads\/2026\/04\/meet-the-speakers-eurif2-10x12.png 10w, https:\/\/futural-project.eu\/wp-content\/uploads\/2026\/04\/meet-the-speakers-eurif2-370x463.png 370w, https:\/\/futural-project.eu\/wp-content\/uploads\/2026\/04\/meet-the-speakers-eurif2-840x1050.png 840w, https:\/\/futural-project.eu\/wp-content\/uploads\/2026\/04\/meet-the-speakers-eurif2-410x513.png 410w, https:\/\/futural-project.eu\/wp-content\/uploads\/2026\/04\/meet-the-speakers-eurif2.png 1080w\" sizes=\"(max-width: 819px) 100vw, 819px\" \/><\/figure><\/div>\n<\/div>\n\n\n\n<div class=\"wp-block-group is-nowrap is-layout-flex wp-container-core-group-is-layout-ad2f72ca wp-block-group-is-layout-flex\">\n<div class=\"wp-block-media-text is-stacked-on-mobile\" style=\"margin-top:var(--wp--preset--spacing--70);margin-bottom:var(--wp--preset--spacing--70);grid-template-columns:29% auto\"><figure class=\"wp-block-media-text__media\"><img decoding=\"async\" width=\"819\" height=\"1024\" src=\"https:\/\/futural-project.eu\/wp-content\/uploads\/2026\/04\/meet-the-speakers-eurif2-17-819x1024.png\" alt=\"\" class=\"wp-image-27485 size-full\" srcset=\"https:\/\/futural-project.eu\/wp-content\/uploads\/2026\/04\/meet-the-speakers-eurif2-17-819x1024.png 819w, https:\/\/futural-project.eu\/wp-content\/uploads\/2026\/04\/meet-the-speakers-eurif2-17-240x300.png 240w, https:\/\/futural-project.eu\/wp-content\/uploads\/2026\/04\/meet-the-speakers-eurif2-17-768x960.png 768w, https:\/\/futural-project.eu\/wp-content\/uploads\/2026\/04\/meet-the-speakers-eurif2-17-10x12.png 10w, https:\/\/futural-project.eu\/wp-content\/uploads\/2026\/04\/meet-the-speakers-eurif2-17-370x463.png 370w, https:\/\/futural-project.eu\/wp-content\/uploads\/2026\/04\/meet-the-speakers-eurif2-17-840x1050.png 840w, https:\/\/futural-project.eu\/wp-content\/uploads\/2026\/04\/meet-the-speakers-eurif2-17-410x513.png 410w, https:\/\/futural-project.eu\/wp-content\/uploads\/2026\/04\/meet-the-speakers-eurif2-17.png 1080w\" sizes=\"(max-width: 819px) 100vw, 819px\" \/><\/figure><div class=\"wp-block-media-text__content\">\n<p class=\"has-medium-font-size\"><strong>Virginija \u0160etkien\u0117 &#8211; Lithuanian Rural Communities&#8217; Union<\/strong><\/p>\n\n\n\n<p><strong>Virginija \u0160etkien\u0117<\/strong> is a community development practitioner and leader with long-standing experience in strengthening rural communities in Lithuania. As chair of the Lithuanian Rural Communities Union, she works at the intersection of civic engagement, social innovation, and regional development. Her focus lies in empowering local initiatives, building resilient networks, and ensuring that community voices are reflected in policy and practice at both national and European levels.<\/p>\n<\/div><\/div>\n<\/div>\n\n\n\n<div class=\"wp-block-group is-nowrap is-layout-flex wp-container-core-group-is-layout-ad2f72ca wp-block-group-is-layout-flex\">\n<div class=\"wp-block-media-text has-media-on-the-right is-stacked-on-mobile\" style=\"padding-top:var(--wp--preset--spacing--70);padding-bottom:var(--wp--preset--spacing--70);grid-template-columns:auto 29%\"><div class=\"wp-block-media-text__content\">\n<p class=\"has-medium-font-size\"><strong>Renata Rudnicka, Agrifood Lithuania<\/strong><\/p>\n\n\n\n<p><strong>Renata Rudnicka<\/strong> is a Project Manager at AgriFood Lithuania DIH, with a background in International Business from CIUE and experience in EU projects within the agri-food sector, particularly in digitalisation. She has strong expertise in Polish\u2013Lithuanian business cooperation, market analysis, stakeholder engagement, and the organisation of international conferences, forums, and business delegations. Previously, she served as Executive Director of the Association \u201cPolish and Lithuanian Chamber of Commerce,\u201d where she supported bilateral trade, facilitated business partnerships, and organised high-level networking initiatives across sectors such as energy and infrastructure. Her professional experience also includes international projects in the energy sector related to smart metering and ICT solutions, as well as the development and expansion of a retail chain in Lithuania. Renata has contributed to international dialogue through initiatives such as the Baltic Connections Summit, bringing together regional leaders to address security, cybersecurity, energy transition, and innovation. She is passionate about connecting people, fostering cross-border collaboration, and supporting sustainable growth and innovation.<\/p>\n<\/div><figure class=\"wp-block-media-text__media\"><img decoding=\"async\" width=\"819\" height=\"1024\" src=\"https:\/\/futural-project.eu\/wp-content\/uploads\/2026\/04\/meet-the-speakers-eurif2-16-1-819x1024.png\" alt=\"\" class=\"wp-image-27487 size-full\" srcset=\"https:\/\/futural-project.eu\/wp-content\/uploads\/2026\/04\/meet-the-speakers-eurif2-16-1-819x1024.png 819w, https:\/\/futural-project.eu\/wp-content\/uploads\/2026\/04\/meet-the-speakers-eurif2-16-1-240x300.png 240w, https:\/\/futural-project.eu\/wp-content\/uploads\/2026\/04\/meet-the-speakers-eurif2-16-1-768x960.png 768w, https:\/\/futural-project.eu\/wp-content\/uploads\/2026\/04\/meet-the-speakers-eurif2-16-1-10x12.png 10w, https:\/\/futural-project.eu\/wp-content\/uploads\/2026\/04\/meet-the-speakers-eurif2-16-1-370x463.png 370w, https:\/\/futural-project.eu\/wp-content\/uploads\/2026\/04\/meet-the-speakers-eurif2-16-1-840x1050.png 840w, https:\/\/futural-project.eu\/wp-content\/uploads\/2026\/04\/meet-the-speakers-eurif2-16-1-410x513.png 410w, https:\/\/futural-project.eu\/wp-content\/uploads\/2026\/04\/meet-the-speakers-eurif2-16-1.png 1080w\" sizes=\"(max-width: 819px) 100vw, 819px\" \/><\/figure><\/div>\n\n\n\n<p><\/p>\n<\/div>\n\n\n\n<div class=\"wp-block-media-text is-stacked-on-mobile\" style=\"padding-top:var(--wp--preset--spacing--70);padding-bottom:var(--wp--preset--spacing--70);grid-template-columns:29% auto\"><figure class=\"wp-block-media-text__media\"><img loading=\"lazy\" decoding=\"async\" width=\"819\" height=\"1024\" src=\"https:\/\/futural-project.eu\/wp-content\/uploads\/2026\/04\/meet-the-speakers-eurif2-18-819x1024.png\" alt=\"\" class=\"wp-image-27488 size-full\" srcset=\"https:\/\/futural-project.eu\/wp-content\/uploads\/2026\/04\/meet-the-speakers-eurif2-18-819x1024.png 819w, https:\/\/futural-project.eu\/wp-content\/uploads\/2026\/04\/meet-the-speakers-eurif2-18-240x300.png 240w, https:\/\/futural-project.eu\/wp-content\/uploads\/2026\/04\/meet-the-speakers-eurif2-18-768x960.png 768w, https:\/\/futural-project.eu\/wp-content\/uploads\/2026\/04\/meet-the-speakers-eurif2-18-10x12.png 10w, https:\/\/futural-project.eu\/wp-content\/uploads\/2026\/04\/meet-the-speakers-eurif2-18-370x463.png 370w, https:\/\/futural-project.eu\/wp-content\/uploads\/2026\/04\/meet-the-speakers-eurif2-18-840x1050.png 840w, https:\/\/futural-project.eu\/wp-content\/uploads\/2026\/04\/meet-the-speakers-eurif2-18-410x513.png 410w, https:\/\/futural-project.eu\/wp-content\/uploads\/2026\/04\/meet-the-speakers-eurif2-18.png 1080w\" sizes=\"(max-width: 819px) 100vw, 819px\" \/><\/figure><div class=\"wp-block-media-text__content\">\n<p class=\"has-medium-font-size\"><strong>Kim Smedslund, PREPARE<\/strong><\/p>\n\n\n\n<p><strong>Kim Smedslund <\/strong>has extensive experience in rural development, community development, project management, Smart Villages, and rural policy and advocacy, including work with PREPARE Partnership for Rural Europe and LEADER group management. Holding a Master\u2019s degree in company law, and with a background as a teacher of French and Swedish as well as the author of a politico-legal book on EU institutions, he began working in local and regional rural development in 1999. Since then, he has been actively involved in village movements, LEADER initiatives, European rural networks such as PREPARE, ERCA, ELARD, and the European Rural Parliament, as well as European-level Smart and innovative village projects and wider rural advocacy activities.<\/p>\n<\/div><\/div>\n\n\n\n<div class=\"wp-block-group is-nowrap is-layout-flex wp-container-core-group-is-layout-ad2f72ca wp-block-group-is-layout-flex\">\n<div class=\"wp-block-media-text has-media-on-the-right is-stacked-on-mobile\" style=\"padding-top:var(--wp--preset--spacing--70);padding-bottom:var(--wp--preset--spacing--70);grid-template-columns:auto 29%\"><div class=\"wp-block-media-text__content\">\n<p class=\"has-medium-font-size\"><strong>Guoda Burokien\u0117, Vice-Minister of the Economy and Innovation of the Republic of Lithuania<\/strong><\/p>\n\n\n\n<p>Mrs Guoda Burokien\u0117 is currently the President of the PREPARE partnership for rural Europe and has been serving as an adviser in the Lithuanian National Parliament since January 2025. Serving as vice minister of the Ministry of Economic and Innovation of the Republic of Lithuania starting from 2025 October. From 2016 to 2024, she was a member of the Lithuanian National Parliament, where she actively contributed as a member of the State and Regions Committee, chaired the Commission on Migration. She also was the head of the Lithuanian parliament delegation for the Inter parliamentary Union. Between 2014 and 2016, she worked in Brussels as a geographical expert for the European Network for Rural Development (ENRD), focusing on monitoring the implementation of the Rural Development Programme 2014- 2020 and sharing good practices, particularly in social enterprise and social inclusion.<\/p>\n<\/div><figure class=\"wp-block-media-text__media\"><img loading=\"lazy\" decoding=\"async\" width=\"819\" height=\"1024\" src=\"https:\/\/futural-project.eu\/wp-content\/uploads\/2026\/04\/meet-the-speakers-eurif2-14-819x1024.png\" alt=\"\" class=\"wp-image-27454 size-full\" srcset=\"https:\/\/futural-project.eu\/wp-content\/uploads\/2026\/04\/meet-the-speakers-eurif2-14-819x1024.png 819w, https:\/\/futural-project.eu\/wp-content\/uploads\/2026\/04\/meet-the-speakers-eurif2-14-240x300.png 240w, https:\/\/futural-project.eu\/wp-content\/uploads\/2026\/04\/meet-the-speakers-eurif2-14-768x960.png 768w, https:\/\/futural-project.eu\/wp-content\/uploads\/2026\/04\/meet-the-speakers-eurif2-14-10x12.png 10w, https:\/\/futural-project.eu\/wp-content\/uploads\/2026\/04\/meet-the-speakers-eurif2-14-370x463.png 370w, https:\/\/futural-project.eu\/wp-content\/uploads\/2026\/04\/meet-the-speakers-eurif2-14-840x1050.png 840w, https:\/\/futural-project.eu\/wp-content\/uploads\/2026\/04\/meet-the-speakers-eurif2-14-410x513.png 410w, https:\/\/futural-project.eu\/wp-content\/uploads\/2026\/04\/meet-the-speakers-eurif2-14.png 1080w\" sizes=\"(max-width: 819px) 100vw, 819px\" \/><\/figure><\/div>\n<\/div>\n\n\n\n<div class=\"wp-block-group is-nowrap is-layout-flex wp-container-core-group-is-layout-ad2f72ca wp-block-group-is-layout-flex\">\n<div class=\"wp-block-media-text is-stacked-on-mobile\" style=\"padding-top:var(--wp--preset--spacing--70);padding-bottom:var(--wp--preset--spacing--70);grid-template-columns:29% auto\"><figure class=\"wp-block-media-text__media\"><img loading=\"lazy\" decoding=\"async\" width=\"819\" height=\"1024\" src=\"https:\/\/futural-project.eu\/wp-content\/uploads\/2026\/04\/meet-the-speakers-eurif2-13-819x1024.png\" alt=\"\" class=\"wp-image-27453 size-full\" srcset=\"https:\/\/futural-project.eu\/wp-content\/uploads\/2026\/04\/meet-the-speakers-eurif2-13-819x1024.png 819w, https:\/\/futural-project.eu\/wp-content\/uploads\/2026\/04\/meet-the-speakers-eurif2-13-240x300.png 240w, https:\/\/futural-project.eu\/wp-content\/uploads\/2026\/04\/meet-the-speakers-eurif2-13-768x960.png 768w, https:\/\/futural-project.eu\/wp-content\/uploads\/2026\/04\/meet-the-speakers-eurif2-13-10x12.png 10w, https:\/\/futural-project.eu\/wp-content\/uploads\/2026\/04\/meet-the-speakers-eurif2-13-370x463.png 370w, https:\/\/futural-project.eu\/wp-content\/uploads\/2026\/04\/meet-the-speakers-eurif2-13-840x1050.png 840w, https:\/\/futural-project.eu\/wp-content\/uploads\/2026\/04\/meet-the-speakers-eurif2-13-410x513.png 410w, https:\/\/futural-project.eu\/wp-content\/uploads\/2026\/04\/meet-the-speakers-eurif2-13.png 1080w\" sizes=\"(max-width: 819px) 100vw, 819px\" \/><\/figure><div class=\"wp-block-media-text__content\">\n<p class=\"has-medium-font-size\"><strong>Vilma Atko\u010di\u016bnien\u0117, Vytautas Magnus University<\/strong><\/p>\n\n\n\n<p><strong>Vilma<\/strong> <strong>Atko\u010di\u016bnien\u0117<\/strong> is a researcher and professor in rural development management, leading international and national projects on smart, resilient, and sustainable rural regions. My work focuses on rural social infrastructure, regional development, local food systems, short supply chains, and social innovation, including the LEADER method and smart village concept. I have coordinated Horizon and FP7 projects (RETHINK, SALSA, Rural Jobs, RegioFoodS) and lead initiatives on bio-value chains and local market development in Lithuania.<\/p>\n<\/div><\/div>\n<\/div>\n\n\n\n<hr class=\"wp-block-separator has-alpha-channel-opacity is-style-wide\"\/>\n\n\n\n<p class=\"has-medium-font-size\"><strong>SESSION SPEAKERS: How can policies integrate Smart Villages in the future? (6 May 2026 12h15 CET)<\/strong><\/p>\n\n\n\n<div class=\"wp-block-group is-nowrap is-layout-flex wp-container-core-group-is-layout-ad2f72ca wp-block-group-is-layout-flex\">\n<div class=\"wp-block-media-text is-stacked-on-mobile\" style=\"padding-top:var(--wp--preset--spacing--70);padding-bottom:var(--wp--preset--spacing--70);grid-template-columns:29% auto\"><figure class=\"wp-block-media-text__media\"><img loading=\"lazy\" decoding=\"async\" width=\"819\" height=\"1024\" src=\"https:\/\/futural-project.eu\/wp-content\/uploads\/2026\/04\/meet-the-speakers-eurif2-12-819x1024.png\" alt=\"\" class=\"wp-image-27447 size-full\" srcset=\"https:\/\/futural-project.eu\/wp-content\/uploads\/2026\/04\/meet-the-speakers-eurif2-12-819x1024.png 819w, https:\/\/futural-project.eu\/wp-content\/uploads\/2026\/04\/meet-the-speakers-eurif2-12-240x300.png 240w, https:\/\/futural-project.eu\/wp-content\/uploads\/2026\/04\/meet-the-speakers-eurif2-12-768x960.png 768w, https:\/\/futural-project.eu\/wp-content\/uploads\/2026\/04\/meet-the-speakers-eurif2-12-10x12.png 10w, https:\/\/futural-project.eu\/wp-content\/uploads\/2026\/04\/meet-the-speakers-eurif2-12-370x463.png 370w, https:\/\/futural-project.eu\/wp-content\/uploads\/2026\/04\/meet-the-speakers-eurif2-12-840x1050.png 840w, https:\/\/futural-project.eu\/wp-content\/uploads\/2026\/04\/meet-the-speakers-eurif2-12-410x513.png 410w, https:\/\/futural-project.eu\/wp-content\/uploads\/2026\/04\/meet-the-speakers-eurif2-12.png 1080w\" sizes=\"(max-width: 819px) 100vw, 819px\" \/><\/figure><div class=\"wp-block-media-text__content\">\n<p class=\"has-medium-font-size\"><strong>Mindaugas Maciulevi\u010dius, Lithuanian Rural Innovation Network<\/strong><\/p>\n\n\n\n<p><strong>Mindaugas Maciulevi\u010dius<\/strong> is a former member of the European Economic and Social Committee, where he contributed for a decade to EU-level work on sustainable food systems and the bioeconomy. For more than 20 years he actively promotes short food supply chains and cooperative models, working closely with farmers and rural communities. He is also actively engaged in national working groups with ministries, public institutions, and academia, contributing to the development of bioeconomy, sustainable food systems, agricultural innovation, and rural development.<\/p>\n<\/div><\/div>\n<\/div>\n\n\n\n<div class=\"wp-block-group is-nowrap is-layout-flex wp-container-core-group-is-layout-ad2f72ca wp-block-group-is-layout-flex\">\n<div class=\"wp-block-media-text has-media-on-the-right is-stacked-on-mobile\" style=\"padding-top:var(--wp--preset--spacing--70);padding-bottom:var(--wp--preset--spacing--70);grid-template-columns:auto 29%\"><div class=\"wp-block-media-text__content\">\n<p class=\"has-medium-font-size\"><strong>Juha-Matti Markkola, Network Expert Rural Network Support Unit of Finland, Finnish Food Authority<\/strong><\/p>\n\n\n\n<p><strong>Juha-Matti Markkola<\/strong> has worked for a long time in the Finnish Rural Network Unit on issues related to the EU\u2019s Common Agricultural Policy, with a particular focus on the Leader approach and international cooperation. The countryside is central to both his professional work and everyday life. His live on his family farm in the middle of the Finnish countryside, where with his family run forestry and rural tourism activities.<\/p>\n<\/div><figure class=\"wp-block-media-text__media\"><img loading=\"lazy\" decoding=\"async\" width=\"819\" height=\"1024\" src=\"https:\/\/futural-project.eu\/wp-content\/uploads\/2026\/04\/meet-the-speakers-eurif2-2-819x1024.png\" alt=\"\" class=\"wp-image-27446 size-full\" srcset=\"https:\/\/futural-project.eu\/wp-content\/uploads\/2026\/04\/meet-the-speakers-eurif2-2-819x1024.png 819w, https:\/\/futural-project.eu\/wp-content\/uploads\/2026\/04\/meet-the-speakers-eurif2-2-240x300.png 240w, https:\/\/futural-project.eu\/wp-content\/uploads\/2026\/04\/meet-the-speakers-eurif2-2-768x960.png 768w, https:\/\/futural-project.eu\/wp-content\/uploads\/2026\/04\/meet-the-speakers-eurif2-2-10x12.png 10w, https:\/\/futural-project.eu\/wp-content\/uploads\/2026\/04\/meet-the-speakers-eurif2-2-370x463.png 370w, https:\/\/futural-project.eu\/wp-content\/uploads\/2026\/04\/meet-the-speakers-eurif2-2-840x1050.png 840w, https:\/\/futural-project.eu\/wp-content\/uploads\/2026\/04\/meet-the-speakers-eurif2-2-410x513.png 410w, https:\/\/futural-project.eu\/wp-content\/uploads\/2026\/04\/meet-the-speakers-eurif2-2.png 1080w\" sizes=\"(max-width: 819px) 100vw, 819px\" \/><\/figure><\/div>\n<\/div>\n\n\n\n<div class=\"wp-block-group is-nowrap is-layout-flex wp-container-core-group-is-layout-ad2f72ca wp-block-group-is-layout-flex\">\n<div class=\"wp-block-group is-nowrap is-layout-flex wp-container-core-group-is-layout-ad2f72ca wp-block-group-is-layout-flex\">\n<div class=\"wp-block-media-text is-stacked-on-mobile\" style=\"padding-top:var(--wp--preset--spacing--70);padding-bottom:var(--wp--preset--spacing--70);grid-template-columns:29% auto\"><figure class=\"wp-block-media-text__media\"><img loading=\"lazy\" decoding=\"async\" width=\"819\" height=\"1024\" src=\"https:\/\/futural-project.eu\/wp-content\/uploads\/2026\/04\/meet-the-speakers-eurif2-1-819x1024.png\" alt=\"\" class=\"wp-image-27445 size-full\" srcset=\"https:\/\/futural-project.eu\/wp-content\/uploads\/2026\/04\/meet-the-speakers-eurif2-1-819x1024.png 819w, https:\/\/futural-project.eu\/wp-content\/uploads\/2026\/04\/meet-the-speakers-eurif2-1-240x300.png 240w, https:\/\/futural-project.eu\/wp-content\/uploads\/2026\/04\/meet-the-speakers-eurif2-1-768x960.png 768w, https:\/\/futural-project.eu\/wp-content\/uploads\/2026\/04\/meet-the-speakers-eurif2-1-10x12.png 10w, https:\/\/futural-project.eu\/wp-content\/uploads\/2026\/04\/meet-the-speakers-eurif2-1-370x463.png 370w, https:\/\/futural-project.eu\/wp-content\/uploads\/2026\/04\/meet-the-speakers-eurif2-1-840x1050.png 840w, https:\/\/futural-project.eu\/wp-content\/uploads\/2026\/04\/meet-the-speakers-eurif2-1-410x513.png 410w, https:\/\/futural-project.eu\/wp-content\/uploads\/2026\/04\/meet-the-speakers-eurif2-1.png 1080w\" sizes=\"(max-width: 819px) 100vw, 819px\" \/><\/figure><div class=\"wp-block-media-text__content\">\n<p class=\"has-medium-font-size\"><strong>Aiva Ap\u0161a-\u0136\u012b\u0161eniece, Latvian Rural Forum, Sustainability and Resilience Specialist<\/strong><\/p>\n\n\n\n<p>Aiva Ap\u0161a-\u0136\u012b\u0161eniece represents the Latvian Rural Forum, a national-level organization dedicated to strengthening rural communities and promoting sustainable regional development. The Forum works closely with local actors to enhance resilience, civic engagement, and place-based solutions across Latvia. Aiva is a Sustainability and Resilience Specialist at the Latvian Rural Forum, currently focusing on areas such as civil protection, food security, and mobility. In her work, she supports communities in strengthening resilience while emphasizing the importance of taking initiative, adapting to change, and responding to challenges to improve everyday life.<\/p>\n<\/div><\/div>\n\n\n\n<p><\/p>\n<\/div>\n<\/div>\n\n\n\n<div class=\"wp-block-group is-content-justification-center is-nowrap is-layout-flex wp-container-core-group-is-layout-94bc23d7 wp-block-group-is-layout-flex\">\n<div class=\"wp-block-buttons is-layout-flex wp-block-buttons-is-layout-flex\">\n<div class=\"wp-block-button\"><a class=\"wp-block-button__link has-medium-font-size has-custom-font-size wp-element-button\" href=\"https:\/\/futural-project.eu\/wp-content\/uploads\/2026\/04\/FUTURAL_EU-RIF-JONAVA_Agenda.pdf\"><strong>agenda<\/strong><\/a><\/div>\n<\/div>\n\n\n\n<div class=\"wp-block-buttons is-content-justification-right is-layout-flex wp-container-core-buttons-is-layout-765c4724 wp-block-buttons-is-layout-flex\">\n<div class=\"wp-block-button\"><a class=\"wp-block-button__link has-medium-font-size has-custom-font-size wp-element-button\" href=\"https:\/\/futural-project.eu\/ro\/eu-rural-innovation-forum-2\/\"><strong>information for the event <\/strong><\/a><\/div>\n<\/div>\n<\/div>\n\n\n\n<p><\/p>","protected":false},"excerpt":{"rendered":"<p>The second EU Rural Innovation Forum (EU-RIF 2) &nbsp;\u201cFrom Smart Villages to Smart Rural Futures: experiences from the Baltic region\u201c, in the framework of the Horizon Europe FUTURAL project (Empowering&hellip;<\/p>","protected":false},"author":4,"featured_media":27493,"comment_status":"closed","ping_status":"closed","sticky":false,"template":"","format":"standard","meta":{"iawp_total_views":25,"footnotes":""},"categories":[252,234],"tags":[],"class_list":["post-27433","post","type-post","status-publish","format-standard","has-post-thumbnail","hentry","category-eu-rif-2","category-event"],"_links":{"self":[{"href":"https:\/\/futural-project.eu\/ro\/wp-json\/wp\/v2\/posts\/27433","targetHints":{"allow":["GET"]}}],"collection":[{"href":"https:\/\/futural-project.eu\/ro\/wp-json\/wp\/v2\/posts"}],"about":[{"href":"https:\/\/futural-project.eu\/ro\/wp-json\/wp\/v2\/types\/post"}],"author":[{"embeddable":true,"href":"https:\/\/futural-project.eu\/ro\/wp-json\/wp\/v2\/users\/4"}],"replies":[{"embeddable":true,"href":"https:\/\/futural-project.eu\/ro\/wp-json\/wp\/v2\/comments?post=27433"}],"version-history":[{"count":12,"href":"https:\/\/futural-project.eu\/ro\/wp-json\/wp\/v2\/posts\/27433\/revisions"}],"predecessor-version":[{"id":27513,"href":"https:\/\/futural-project.eu\/ro\/wp-json\/wp\/v2\/posts\/27433\/revisions\/27513"}],"wp:featuredmedia":[{"embeddable":true,"href":"https:\/\/futural-project.eu\/ro\/wp-json\/wp\/v2\/media\/27493"}],"wp:attachment":[{"href":"https:\/\/futural-project.eu\/ro\/wp-json\/wp\/v2\/media?parent=27433"}],"wp:term":[{"taxonomy":"category","embeddable":true,"href":"https:\/\/futural-project.eu\/ro\/wp-json\/wp\/v2\/categories?post=27433"},{"taxonomy":"post_tag","embeddable":true,"href":"https:\/\/futural-project.eu\/ro\/wp-json\/wp\/v2\/tags?post=27433"}],"curies":[{"name":"wp","href":"https:\/\/api.w.org\/{rel}","templated":true}]}}